{"id":1578,"date":"2024-07-20T18:55:48","date_gmt":"2024-07-20T15:55:48","guid":{"rendered":"http:\/\/zuhalozyurt.com\/?p=1578"},"modified":"2024-08-07T13:21:47","modified_gmt":"2024-08-07T10:21:47","slug":"24-30-temmuz-sabah-pratigi-sadhana","status":"publish","type":"post","link":"https:\/\/zuhalozyurt.com\/index.php\/2024\/07\/20\/24-30-temmuz-sabah-pratigi-sadhana\/","title":{"rendered":"24 &#8211; 30 Temmuz Sabah Prati\u011fi Sadhana"},"content":{"rendered":"\n<p><strong>Sabah Prati\u011fi Sadhana Kundalini Yoga ve Meditasyon Dersleri<\/strong><\/p>\n\n\n\n<p><strong>24 \u2013 30 Temmuz 2024&nbsp;&nbsp;<\/strong><\/p>\n\n\n\n<p><strong>05.45 \u2013 07.00<\/strong><\/p>\n\n\n\n<p>Her bir ders ayr\u0131 tema ile ger\u00e7ekle\u015fen dersler A\u011fustos ay\u0131 numaralojik rakam\u0131 ile 8 Pranik enerji Bedeni Kriya ve farkl\u0131 meditasyonlarla ger\u00e7ekle\u015fiyor.&nbsp;<\/p>\n\n\n\n<p><strong>Kundalini Yoga \u00f6\u011fretisinde 8nci enerji Pranik Bedenimiz&nbsp;<\/strong><strong>Sonsuzluk ve S\u0131n\u0131rl\u0131l\u0131k<\/strong><strong>&nbsp;anahtar kelimeleri ile ya\u015fam\u0131m\u0131zda \u00f6nemli bir yer kaplar. 8nci \u00e7akra sistemine ba\u011fl\u0131 olan Pranik Enerji bedeni Bolluk ve Bereket \u2013 Yarat\u0131m ve Tezah\u00fcr\u2019\u00fc ger\u00e7ekle\u015ftirmeyi sa\u011flar.<\/strong><\/p>\n\n\n\n<ul class=\"wp-block-list\">\n<li>Pranik\u00a0enerji bedeni, ya\u015fam enerjisi\u00a0pranay\u0131 sirkule eder.\u00a0<\/li>\n\n\n\n<li>Pranik enerji bedeni\u00a0sa\u011fl\u0131k ve canl\u0131l\u0131\u011f\u0131m\u0131z\u0131n aura \u00fczerindeki printidir.\u00a0<\/li>\n\n\n\n<li>Ya\u015famsal, fiziksel, duygusal ve zihinsel olarak g\u00fc\u00e7lenmemizi, korkular\u0131m\u0131z\u0131n i\u00e7inden ge\u00e7me g\u00fcc\u00fc verir.\u00a0<\/li>\n\n\n\n<li>Pranik enerji\u00a0bedeni\u00a0polorite dengesini kurar.\u00a0Polarite ya da kutupluluk, ya\u015fam\u0131m\u0131z\u0131n her alan\u0131nda\u00a0bir yans\u0131ma olarak\u00a0vard\u0131r, s\u0131cak so\u011fuk, karanl\u0131k ayd\u0131nl\u0131k, sol \u2013 sa\u011f, eril \u2013 di\u015fi\u00a0gibi.\u00a0<\/li>\n\n\n\n<li>Polorite, ayr\u0131l\u0131klar\u0131 ve dualiteyi getirdi\u011fi gibi birle\u015fmeyi ve ba\u011flanmay\u0131 da getirir.\u00a0<\/li>\n\n\n\n<li>Pranik enerji bedeni \u00f6zellikle, \u00e7ocukluk travmalar\u0131m\u0131z\u0131n izlerini ta\u015f\u0131r.\u00a0Anne ve babalar\u0131m\u0131zdan gelen bir \u00e7ok polorite dengesizli\u011fi travmalar\u0131m\u0131z\u0131 olu\u015fturur. Pranik\u00a0enerji bedeninin dengelenmesi korku temelli her t\u00fcrl\u00fc d\u00fc\u015f\u00fcnce ve inanc\u0131n d\u00f6n\u00fc\u015ft\u00fcr\u00fclmesini sa\u011flayarak, hediyesi olan, \u015fifac\u0131l\u0131k, organize etmek ve \u00f6\u011fretmenlik yeteneklerimizin a\u00e7\u0131\u011fa \u00e7\u0131kmas\u0131n\u0131 sa\u011flar<\/li>\n<\/ul>\n\n\n\n<p><strong>Zay\u0131f<\/strong>&nbsp;bir pranik&nbsp;enerji&nbsp;bedeni, korkular ve yarat\u0131c\u0131l\u0131\u011f\u0131n zay\u0131fl\u0131\u011f\u0131,&nbsp;<strong>dengeli<\/strong>&nbsp;bir pranik beden ise liderlik, \u015f\u0131fac\u0131l\u0131k, zihin g\u00fcc\u00fcn\u00fc kullanma ve yarat\u0131c\u0131l\u0131\u011f\u0131n g\u00fcc\u00fcd\u00fcr.<\/p>\n\n\n\n<p><strong>Breath Of Ten Meditasyonu:<\/strong>&nbsp;Bir nefes al\u0131\u015fveri\u015finin, 10 e\u015fit par\u00e7aya b\u00f6l\u00fcn\u00fcrek uygulanan meditasyon tekni\u011fidir. Ya\u015fam enerjisi pranay\u0131 d\u00fczenler ve hafif depresyon hallerinde ya\u015fam enerjisini y\u00fckselterek sinir sisteminin reg\u00fcle olmas\u0131n\u0131 sa\u011flad\u0131\u011f\u0131 yerden, zihinsel canl\u0131l\u0131k ve motivasyon, d\u00fc\u015f\u00fcncelerimizde odaklanma ve bedende \u015fifalanma sa\u011flar.&nbsp;<\/p>\n\n\n\n<p>Sabah Prati\u011fi Sadhana dersinde 7 g\u00fcn boyunca 2 farkl\u0131 8nci Enerji Bedeni ile \u00e7al\u0131\u015f\u0131rken devaml\u0131l\u0131k ve adanm\u0131\u015fl\u0131kla do\u011fu\u015ftan getirdi\u011fimiz ya\u015fam enerjimizle ile \u00e7al\u0131\u015fman\u0131n keyifli bir deneyimini ger\u00e7ekle\u015ftirece\u011fiz.&nbsp;<\/p>\n\n\n\n<p><strong>Dersler<\/strong><\/p>\n\n\n\n<ul class=\"wp-block-list\">\n<li>Dersler Zoom Online \u00c7evirim i\u00e7i ger\u00e7ekle\u015fir<\/li>\n\n\n\n<li>Ders kay\u0131d\u0131 iletilir\u00a0ve 7 g\u00fcn a\u00e7\u0131k kal\u0131r. Bu \u015fekilde telafi ve prati\u011finizi s\u00fcrd\u00fcrebilmeniz sa\u011flan\u0131r\u00a0<\/li>\n\n\n\n<li>Whatsaap Grubu \u00fczerinden link payla\u015f\u0131l\u0131r, bilgilendirme yap\u0131l\u0131r\u00a0<\/li>\n\n\n\n<li>Herkesin ve her seviyenin kat\u0131l\u0131m\u0131na a\u00e7\u0131k olan bu dersler, sabah\u0131n sessizli\u011fini, i\u00e7sel ve evrensel ba\u011flant\u0131n\u0131za alan tutarak biraz daha sessizlik i\u00e7inde ger\u00e7ekle\u015fir<\/li>\n\n\n\n<li>Derslere tam zaman\u0131nda ba\u015flay\u0131p, tam zaman\u0131nda bitiriyoruz.\u00a0Her zaman\u00a05 dakika \u00f6ncesinden\u00a0giri\u015f yapabilirsiniz<\/li>\n<\/ul>\n\n\n\n<p><strong>Kay\u0131t ve ileti\u015fim:<\/strong>&nbsp;0 531 712 70 13&nbsp;\/ Whatsaap Mesaj\u0131<\/p>\n\n\n\n<p><strong>Ders kat\u0131l\u0131m bedeli:<\/strong>\u00a0bedeli i\u00e7in l\u00fctfen mesaj g\u00f6nderin<\/p>\n\n\n\n<p><strong>Neden Sabah Prati\u011fi Sadhana<\/strong><\/p>\n\n\n\n<p>Yap\u0131lan ara\u015ft\u0131rmalarda bilim insanlar\u0131 bir\u00e7ok Sabah g\u00fcne ba\u015flaman\u0131n biyolojik ve zihinsel faydalar\u0131n\u0131 yazm\u0131\u015ft\u0131r. Bunlara ilaveten her sabah g\u00fcne g\u00fcne\u015fin do\u011fu\u015fu ile birlikte bedenimizin do\u011fal ritmine tekrar geri d\u00f6nmesini ve uyumunu sa\u011flar. Yine di\u011fer ara\u015ft\u0131rmalarda sabah erken 05.00 saatlerinde kalkarak g\u00fcne ba\u015flayanlar\u0131n daha ba\u015far\u0131yla hayatlar\u0131na zenginlik katt\u0131klar\u0131 a\u00e7\u0131klanm\u0131\u015ft\u0131r.&nbsp;<\/p>\n\n\n\n<p>Kundalini Yoga \u00f6\u011fretisinde bunlar\u0131n do\u011frulu\u011fu ile birlikte, sabah saatleri g\u00fcn\u00fcn en saf, hen\u00fcz enerjisine herhangi bir \u015fey eklenmemi\u015f olan bir zaman\u0131d\u0131r. Zihin sessiz ve beden dinlenmi\u015f, gerekli hormon salg\u0131lar\u0131 sal\u0131nm\u0131\u015f ve art\u0131k bedenimiz ve biyolojimizle daha bilin\u00e7li bir yerden ba\u011f kurarak, evrensel olana g\u00fcne\u015f ile birlikte do\u011fam\u0131zdan yani t\u00fcm bedenimiz ve ruhumuzla uyand\u0131\u011f\u0131m\u0131z bir zaman dilimidir.&nbsp;<\/p>\n\n\n\n<p><strong>Sadhana ile elde edilen deneyim ve etkiler<\/strong><\/p>\n\n\n\n<ul class=\"wp-block-list\">\n<li>Zihin bir \u015feye odaklanmak i\u00e7in haz\u0131rd\u0131r<\/li>\n\n\n\n<li>Dikkat da\u011f\u0131tan \u015feylerden uzakla\u015farak zihin ve beden verimlili\u011fini almak i\u00e7in en ideal zamand\u0131r<\/li>\n\n\n\n<li>Ya\u015fam enerjisini y\u00fckselterek, endokrin sisteminizi sa\u011fl\u0131kl\u0131 \u00e7al\u0131\u015fmas\u0131n\u0131 sa\u011flars\u0131n\u0131z<\/li>\n\n\n\n<li>Beden fark\u0131ndal\u0131\u011f\u0131n\u0131z, zihinsel bo\u015fluk i\u00e7inde derinle\u015fmi\u015f ve duygusal dengeyi kurmu\u015ftur<\/li>\n\n\n\n<li>Sessizlik, sizi evrensel bilin\u00e7 ile bulu\u015fturur.<\/li>\n\n\n\n<li>Bu bulu\u015fma sabah\u0131n ya da ya\u015fam\u0131n niyetini g\u00fc\u00e7lendirir<\/li>\n\n\n\n<li>\u0130leti\u015fim bu sessizli\u011fin i\u00e7inde bedenen, ruhen, manen ve maddeye ge\u00e7ecek olan her \u015fey i\u00e7indir<\/li>\n\n\n\n<li>Bazen arad\u0131\u011f\u0131n\u0131z huzur bu sessizlikle ileti\u015fim i\u00e7inde ger\u00e7ekle\u015fecek olan iletimdir<\/li>\n\n\n\n<li>Bu ya\u015fam kalitenizde, sa\u011fl\u0131\u011f\u0131n\u0131zda, i\u015finizde, ya\u015fam ile ili\u015fkide oldu\u011funuz her \u015fey \u00fczerine etkin bir de\u011fi\u015fim ve iyile\u015fme, ferahl\u0131k sa\u011fl\u0131k<\/li>\n\n\n\n<li>Odakl\u0131 bir g\u00fcn, dikkat da\u011f\u0131t\u0131c\u0131 t\u00fcm unsurlar\u0131 dikkate almaz ve te\u011fet ge\u00e7er<\/li>\n\n\n\n<li>Zaman y\u00f6netimi becerisini elde edersiniz<\/li>\n\n\n\n<li>Zaman\u0131m yeterli de\u011fil dedi\u011finiz her \u015fey i\u00e7in bol bol zaman\u0131n\u0131z kal\u0131r<\/li>\n\n\n\n<li>Bu zamanda kaliteli de\u011fi\u015fim beyin \u00fczerinizde de rasyonel olarak \u00e7al\u0131\u015fan \u00f6n beyninizde muhte\u015fem bir de\u011fi\u015fim yarat\u0131r<\/li>\n\n\n\n<li>Serotonin ve dopamin hormanlar\u0131 y\u00fckselir ve siz do\u011fal bir mutluluk ve ak\u0131\u015f i\u00e7ine girersiniz<\/li>\n\n\n\n<li>Sa\u011fl\u0131\u011f\u0131n\u0131za etki eden en \u00f6nemli de\u011fi\u015fimi burada elde edersiniz<\/li>\n\n\n\n<li>Konu\u015ftu\u011funuzu ve sizinle ileti\u015fim halinde olan\u0131 duyars\u0131n\u0131z<\/li>\n<\/ul>\n\n\n\n<p><strong>Sabah erken kalkman\u0131n zorluklar\u0131n\u0131 a\u015fmak&nbsp;<\/strong><strong>\ud83d\ude0a<\/strong><strong><\/strong><\/p>\n\n\n\n<ul class=\"wp-block-list\">\n<li>\u00c7o\u011fu insan i\u00e7in sabah erken saatte uyanmak kolay bir deneyim de\u011fildir\u00a0<\/li>\n\n\n\n<li>Bu al\u0131\u015fkanl\u0131\u011f\u0131n \u00fcstesinden gelmek i\u00e7in<\/li>\n\n\n\n<li>Saat ayar\u0131n\u0131z 2 farkl\u0131 5 dakika ara ile ayarlamak\u00a0<\/li>\n\n\n\n<li>G\u00fcncel uyuma saatinizden \u00f6nce yata\u011fa, telefon, bilgisayar gibi elektromanyetik alanlardan da uzakla\u015farak girmek<\/li>\n\n\n\n<li>Gerekirse erken kalkt\u0131\u011f\u0131n\u0131z g\u00fcnde 1-2 saat uyumak ki genelde 20 dakika \u00e7ok yeterlidir<\/li>\n<\/ul>\n\n\n\n<ul class=\"wp-block-list\">\n<li>Uzmanlar, bir i\u015fte usta olmak ve bir i\u015f i\u00e7in verim alabilmek ihtiya\u00e7 duyulan al\u0131\u015fkanl\u0131k ve beyin de\u011fi\u015fimi i\u00e7in, g\u00fcnl\u00fck 18 dakikal\u0131k bir pratikle bunu elde edebilece\u011fini vurguluyor\u00a0<\/li>\n\n\n\n<li>Yine bu i\u015finizin verimi i\u00e7in g\u00fcnde 2 ya da 3 saat \u00e7al\u0131\u015fman\u0131n gerekli ba\u015far\u0131n\u0131n elde edildi\u011fini a\u00e7\u0131kl\u0131yor\u00a0<\/li>\n<\/ul>\n\n\n\n<p><strong>Duygusal dengeyi bulman\u0131n faydas\u0131&nbsp;<\/strong><\/p>\n\n\n\n<ul class=\"wp-block-list\">\n<li>\u00c7o\u011fu zaman ifade edemediklerimiz zaman\u0131 gelir ve bir kara kutu gibi a\u00e7\u0131l\u0131r<\/li>\n\n\n\n<li>Bu sadece s\u00f6zle ifade de\u011fil bedenen sa\u011fl\u0131\u011f\u0131m\u0131zda da g\u00f6r\u00fcl\u00fcr<\/li>\n\n\n\n<li>\u0130\u015fte bu k\u0131sa ve dengeli pratiklerle sabah saatini de\u011ferlendirmek sa\u011fl\u0131kl\u0131 bir yakla\u015f\u0131mla duygusal durumlar\u0131n \u00fcstesinden gelinmesini sa\u011flar<\/li>\n\n\n\n<li>Sabah\u0131n erken saatinde ifadesini bulmam\u0131\u015f \u015feyler \u00fczerinde d\u00fc\u015f\u00fcnmek, meditasyon yapmak bunlar\u0131n nedenlerinin a\u00e7\u0131\u011fa \u00e7\u0131kmas\u0131n\u0131 sa\u011flar<\/li>\n\n\n\n<li>Bilin\u00e7d\u0131\u015f\u0131ndan ya\u015fad\u0131\u011f\u0131m\u0131z ve \u00f6zellikle \u00e7ocukluk ya da bu konularda verdi\u011fimiz tepkisellik ya da davran\u0131\u015f bi\u00e7imlerinin temelini g\u00f6rmemize yard\u0131mc\u0131 olur<\/li>\n<\/ul>\n\n\n\n<p>Ve i\u015fte t\u00fcm bunlar\u0131 \u0131\u015f\u0131nda ve fazlas\u0131nda beynimiz geli\u015fime a\u00e7\u0131k ve bug\u00fcn\u00fcn beyin bilimcilerin ve nesiller boyu memeli varl\u0131klar\u0131n beyinlerin nas\u0131l geli\u015fti\u011fi hakk\u0131ndaki n\u00f6roplastisiteyi elde edersiniz.&nbsp;<\/p>\n\n\n\n<ul class=\"wp-block-list\">\n<li>Bedenen, manen ve biyolojinizde ya\u015fam enerjisi y\u00fckselir<\/li>\n\n\n\n<li>Sinir sisteminiz g\u00fcne ve ya\u015fama haz\u0131rd\u0131r<\/li>\n\n\n\n<li>Sa\u011fl\u0131kl\u0131 bir endokrin sisteminiz olmaya ba\u015flar<\/li>\n\n\n\n<li>Zihin ge\u00e7mi\u015f ya da gelecek kayg\u0131s\u0131 i\u00e7inde de\u011fil \u015fu anda burada size hizmet eder<\/li>\n\n\n\n<li>Ge\u00e7mi\u015ften gelen bir d\u00fc\u015f\u00fcnce ya da duygunun gelece\u011fe do\u011fru nas\u0131l de\u011fi\u015ferek aktard\u0131\u011f\u0131n\u0131z\u0131 fark edersiniz<\/li>\n\n\n\n<li>Duygu ve d\u00fc\u015f\u00fcncelerinizin nas\u0131l birer kataliz\u00f6r oldu\u011funu fark eder, zihin yap\u0131n\u0131z\u0131 tan\u0131rs\u0131n\u0131z\u00a0<\/li>\n<\/ul>\n\n\n\n<p>Hareket, d\u00fc\u015f\u00fcnmek ve geli\u015fimi sa\u011flad\u0131\u011f\u0131n\u0131z yerde yaln\u0131z de\u011filsiniz, size el uzatan evrensel bilge, yarat\u0131c\u0131 ve ruhunuzla birlikte yaratt\u0131\u011f\u0131n\u0131z bir deneyim alan\u0131nda sabahlar\u0131 bu i\u015f birli\u011fi i\u00e7in m\u00fckemmeldir.&nbsp;<\/p>\n\n\n\n<p>\u0130nsan\u0131 ve ya\u015fam\u0131n\u0131 de\u011fi\u015ftiren \u015fey manevi pratiktir.&nbsp;\ud83d\ude0a<\/p>\n\n\n\n<p>Sevgilerimle<\/p>\n","protected":false},"excerpt":{"rendered":"<p>Sabah Prati\u011fi Sadhana Kundalini Yoga ve Meditasyon Dersleri 24 \u2013 30 Temmuz 2024&nbsp;&nbsp; 05.45 \u2013 07.00 Her bir ders ayr\u0131 tema ile ger\u00e7ekle\u015fen dersler A\u011fustos ay\u0131 numaralojik rakam\u0131 ile 8 Pranik enerji Bedeni Kriya ve farkl\u0131 meditasyonlarla ger\u00e7ekle\u015fiyor.&nbsp; Kundalini Yoga \u00f6\u011fretisinde 8nci enerji Pranik Bedenimiz&nbsp;Sonsuzluk ve S\u0131n\u0131rl\u0131l\u0131k&nbsp;anahtar kelimeleri ile ya\u015fam\u0131m\u0131zda \u00f6nemli bir yer kaplar. 8nci&hellip;&nbsp;<a href=\"https:\/\/zuhalozyurt.com\/index.php\/2024\/07\/20\/24-30-temmuz-sabah-pratigi-sadhana\/\" rel=\"bookmark\">Daha fazlas\u0131n\u0131 oku &raquo;<span class=\"screen-reader-text\">24 &#8211; 30 Temmuz Sabah Prati\u011fi Sadhana<\/span><\/a><\/p>\n","protected":false},"author":1,"featured_media":0,"comment_status":"open","ping_status":"open","sticky":false,"template":"","format":"standard","meta":{"neve_meta_sidebar":"","neve_meta_container":"","neve_meta_enable_content_width":"","neve_meta_content_width":0,"neve_meta_title_alignment":"","neve_meta_author_avatar":"","neve_post_elements_order":"","neve_meta_disable_header":"","neve_meta_disable_footer":"","neve_meta_disable_title":"","_joinchat":[],"footnotes":""},"categories":[1],"tags":[],"class_list":["post-1578","post","type-post","status-publish","format-standard","hentry","category-genel"],"_links":{"self":[{"href":"https:\/\/zuhalozyurt.com\/index.php\/wp-json\/wp\/v2\/posts\/1578","targetHints":{"allow":["GET"]}}],"collection":[{"href":"https:\/\/zuhalozyurt.com\/index.php\/wp-json\/wp\/v2\/posts"}],"about":[{"href":"https:\/\/zuhalozyurt.com\/index.php\/wp-json\/wp\/v2\/types\/post"}],"author":[{"embeddable":true,"href":"https:\/\/zuhalozyurt.com\/index.php\/wp-json\/wp\/v2\/users\/1"}],"replies":[{"embeddable":true,"href":"https:\/\/zuhalozyurt.com\/index.php\/wp-json\/wp\/v2\/comments?post=1578"}],"version-history":[{"count":1,"href":"https:\/\/zuhalozyurt.com\/index.php\/wp-json\/wp\/v2\/posts\/1578\/revisions"}],"predecessor-version":[{"id":1580,"href":"https:\/\/zuhalozyurt.com\/index.php\/wp-json\/wp\/v2\/posts\/1578\/revisions\/1580"}],"wp:attachment":[{"href":"https:\/\/zuhalozyurt.com\/index.php\/wp-json\/wp\/v2\/media?parent=1578"}],"wp:term":[{"taxonomy":"category","embeddable":true,"href":"https:\/\/zuhalozyurt.com\/index.php\/wp-json\/wp\/v2\/categories?post=1578"},{"taxonomy":"post_tag","embeddable":true,"href":"https:\/\/zuhalozyurt.com\/index.php\/wp-json\/wp\/v2\/tags?post=1578"}],"curies":[{"name":"wp","href":"https:\/\/api.w.org\/{rel}","templated":true}]}}