{"id":1647,"date":"2024-08-19T20:28:36","date_gmt":"2024-08-19T17:28:36","guid":{"rendered":"http:\/\/zuhalozyurt.com\/?p=1647"},"modified":"2024-11-27T20:58:52","modified_gmt":"2024-11-27T17:58:52","slug":"14-20-ekim-sabaph-pratigi-sadhana","status":"publish","type":"post","link":"https:\/\/zuhalozyurt.com\/index.php\/2024\/08\/19\/14-20-ekim-sabaph-pratigi-sadhana\/","title":{"rendered":"14 &#8211; 20 Ekim Sabah Prati\u011fi Sadhana"},"content":{"rendered":"\n<p><strong>14 &#8211; 20 Ekim Sabah Prati\u011fi Sadhana\u00a0<\/strong><\/p>\n\n\n\n<p><strong>05.45 \u2013 07.00 \/ 7 G\u00fcn<\/strong><\/p>\n\n\n\n<p><strong>Kundalini Yoga ve Meditasyon Dersi<\/strong><\/p>\n\n\n\n<p><strong>3 Farkl\u0131 Kalp \u00c7akra Enerji Merkezi Kriyas\u0131<\/strong><\/p>\n\n\n\n<p>Herkese huzur, herkese dinginlik, herkese sevgi, herkese ferahl\u0131k yeteri kadar bol bol var! <\/p>\n\n\n\n<p>7 g\u00fcnl\u00fck Sabah Prati\u011fi Sadhana derslerinde kalp \u00e7akra enerji merkezi \u00fczerinde 3 ayr\u0131 kriya ile \u00e7al\u0131\u015f\u0131rken, 7 g\u00fcn\u00fc ta\u00e7land\u0131racak Kalpten Koruma ve Yans\u0131tma Meditasyonu ile devam edece\u011fiz.<\/p>\n\n\n\n<p><strong>Kalpten Koruma ve Yans\u0131tma Meditasyonu: <\/strong>Elektromanyetik alan \u00fczerinde etkin bir koruma kalkan\u0131 sa\u011flar. Tutulmalar d\u00f6nemi ayr\u0131ca elektromanyetik alan\u0131 g\u00fc\u00e7lendirmeye gelecek olan \u0131\u015f\u0131nlardan korumaya ihtiyac\u0131m\u0131z vard\u0131r. <\/p>\n\n\n\n<p>\u0130\u00e7inden ge\u00e7ti\u011fimiz Ay Tutulmas\u0131 d\u00f6neminde, Bal\u0131k enerjisinin ve g\u00f6ky\u00fcz\u00fcn\u00fcn mesaj\u0131 kontrol d\u0131\u015f\u0131 ya\u015fad\u0131\u011f\u0131m\u0131z olaylara Yarat\u0131c\u0131n\u0131n kalbine ve olana g\u00fcven ve teslimiyetle kendimizi b\u0131rakabilmek. Bazen \u00e7ok zor olan bu deneyimin bir deste\u011fi var. Deste\u011fin ard\u0131ndaki ses &#8221;Huzurla kal ve sadece izin ver&#8221; diyor. Bu sesleni\u015fi duyan herkese &#8221;Kalpten yans\u0131t\u0131lan her dua hem korunur hem \u0131\u015f\u0131nlan\u0131r!&#8221; diyerek derslere bekliyoruz.<\/p>\n\n\n\n<p><strong>Aad Guray Nameh \u2013&nbsp;<\/strong>\u0130lk, primal olan&nbsp;bilgeli\u011fin \u00f6n\u00fcnde&nbsp;&nbsp;e\u011filiyorum<\/p>\n\n\n\n<p><strong>Jugaad Guray Nameh \u2013&nbsp;<\/strong><strong>T\u00fcm&nbsp;<\/strong>\u00e7a\u011flar boyunca&nbsp;var olan&nbsp;bilgeli\u011fin \u00f6n\u00fcnde&nbsp;e\u011filiyorum<\/p>\n\n\n\n<p><strong>Sat Guray Nameh &#8211;<\/strong>&nbsp;Ger\u00e7ek Bilgeli\u011fin \u00f6n\u00fcnde&nbsp;e\u011fiyorum<\/p>\n\n\n\n<p><strong>Siri Guru Dayvay Nameh &#8211;<\/strong>&nbsp;B\u00fcy\u00fck, g\u00f6r\u00fcnmeyen Bilgeli\u011fin \u00f6n\u00fcnde&nbsp;e\u011filiyorum.<\/p>\n\n\n\n<p><strong>Yorumlar:<\/strong>&nbsp;Mangala Charan Mantra, manyetik alan\u0131 koruyucu \u0131\u015f\u0131kla \u00e7evreler.&nbsp;Bu meditasyonun size b\u00fcy\u00fcleyici, manyetik bir ki\u015filik verebilece\u011fi s\u00f6yleniyor. Bir koruma mantras\u0131 olan Mangala Charan Mantras\u0131, ge\u00e7mi\u015f, \u015fimdi ve gelecek aras\u0131nda k\u00f6pr\u00fc kurar.&nbsp;<\/p>\n\n\n\n<ul class=\"wp-block-list\">\n<li>Varl\u0131\u011f\u0131n zamans\u0131z, ge\u00e7mi\u015f, \u015fimdi ve gelecekteki yolculu\u011funu anlat\u0131r<\/li>\n\n\n\n<li>Elektromanyetik alan\u0131 koruyan mantra, d\u0131\u015f etkenlere kar\u015f\u0131 bir bariyer olu\u015fturur&nbsp;<br>Yolculuklara \u00e7\u0131kmadan \u00f6nce Mangala Charan mantra s\u00f6ylenir&nbsp;<\/li>\n\n\n\n<li>Ayn\u0131 \u015fekilde bir toplulu\u011fa girmeden \u00f6ncede bu mantra ortam ve durumlardan olu\u015fabilecek olumsuz enerjilere kar\u015f\u0131 auray\u0131 korur<\/li>\n<\/ul>\n\n\n\n<p>Mantray\u0131 s\u00f6ylerken, g\u00fcvenlik hissini daha da yaratmak ve rahatlamay\u0131 te\u015fvik etmek i\u00e7in <\/p>\n\n\n\n<ul class=\"wp-block-list\">\n<li>Sa\u011f\u0131n\u0131zda (do\u011funuzda) g\u00fcne\u015fi<\/li>\n\n\n\n<li>Arkan\u0131zda (g\u00fcneyde) d\u00fcnyay\u0131<\/li>\n\n\n\n<li>Solunuzda (bat\u0131da) bir okyanus&nbsp;<\/li>\n\n\n\n<li>\u00d6n\u00fcn\u00fczde (kuzeyde) ruhu imgeleyebilirsiniz ve bu imgeler mantran\u0131n her sat\u0131r\u0131nda imgeleyin<\/li>\n<\/ul>\n\n\n\n<p><strong>Sabah Prati\u011fi Sadhana Online \u00c7evirim i\u00e7i<\/strong><\/p>\n\n\n\n<ul class=\"wp-block-list\">\n<li>Zoom&nbsp;Program\u0131,&nbsp;Online \u00c7evirim i\u00e7i ger\u00e7ekle\u015fir<\/li>\n\n\n\n<li>Ders kay\u0131d\u0131 iletilir ve&nbsp;7 g\u00fcn a\u00e7\u0131k kal\u0131r,&nbsp;bu \u015fekilde telafi ve prati\u011finizi s\u00fcrd\u00fcrebilmeniz sa\u011flan\u0131r&nbsp;<\/li>\n\n\n\n<li>Whatsaap Grubu \u00fczerinden link payla\u015f\u0131l\u0131r, bilgilendirme yap\u0131l\u0131r<\/li>\n\n\n\n<li>Herkesin ve her seviyenin kat\u0131l\u0131m\u0131na a\u00e7\u0131k olan bu dersler, sabah\u0131n sessizli\u011fini, i\u00e7sel ve evrensel ba\u011flant\u0131n\u0131za alan tutarak biraz daha sessizlik i\u00e7inde ger\u00e7ekle\u015fir<\/li>\n\n\n\n<li>Derslere tam zaman\u0131nda ba\u015flay\u0131p, tam zaman\u0131nda bitiriyoruz.&nbsp;Her zaman&nbsp;5 dakika \u00f6ncesinden&nbsp;giri\u015f yapabilirsiniz<\/li>\n<\/ul>\n\n\n\n<p><strong>Kay\u0131t ve ileti\u015fim:<\/strong>&nbsp;0 531 712 70 13&nbsp;\/ Whatsaap Mesaj\u0131 yada direk arayabilirsiniz<\/p>\n\n\n\n<p>Sevgilerimle<\/p>\n\n\n\n<p><strong>Kat\u0131l\u0131m \u00dccreti:<\/strong> KDV Dahil 1350 tl<\/p>\n\n\n\n<p><strong>Neden Sabah Prati\u011fi Sadhana<\/strong><\/p>\n\n\n\n<p>Yap\u0131lan ara\u015ft\u0131rmalarda bilim insanlar\u0131 bir\u00e7ok Sabah g\u00fcne ba\u015flaman\u0131n biyolojik ve zihinsel faydalar\u0131n\u0131 yazm\u0131\u015ft\u0131r. Bunlara ilaveten her sabah g\u00fcne g\u00fcne\u015fin do\u011fu\u015fu ile birlikte bedenimizin do\u011fal ritmine tekrar geri d\u00f6nmesini ve uyumunu sa\u011flar. Yine di\u011fer ara\u015ft\u0131rmalarda sabah erken 05.00 saatlerinde kalkarak g\u00fcne ba\u015flayanlar\u0131n daha ba\u015far\u0131yla hayatlar\u0131na zenginlik katt\u0131klar\u0131 a\u00e7\u0131klanm\u0131\u015ft\u0131r.&nbsp;<\/p>\n\n\n\n<p>Kundalini Yoga \u00f6\u011fretisinde bunlar\u0131n do\u011frulu\u011fu ile birlikte, sabah saatleri g\u00fcn\u00fcn en saf, hen\u00fcz enerjisine herhangi bir \u015fey eklenmemi\u015f olan bir zaman\u0131d\u0131r. Zihin sessiz ve beden dinlenmi\u015f, gerekli hormon salg\u0131lar\u0131 sal\u0131nm\u0131\u015f ve art\u0131k bedenimiz ve biyolojimizle daha bilin\u00e7li bir yerden ba\u011f kurarak, evrensel olana g\u00fcne\u015f ile birlikte do\u011fam\u0131zdan yani t\u00fcm bedenimiz ve ruhumuzla uyand\u0131\u011f\u0131m\u0131z bir zaman dilimidir.&nbsp;<\/p>\n\n\n\n<p><strong>En sa\u011fl\u0131kl\u0131 y\u00f6n\u00fc:&nbsp;<\/strong><\/p>\n\n\n\n<ul class=\"wp-block-list\">\n<li>Zihin bir \u015feye odaklanmak i\u00e7in haz\u0131rd\u0131r<\/li>\n\n\n\n<li>Dikkat da\u011f\u0131tan \u015feylerden uzakla\u015farak zihin ve beden verimlili\u011fini almak i\u00e7in en ideal zamand\u0131r<\/li>\n\n\n\n<li>Ya\u015fam enerjisini y\u00fckselterek, endokrin sisteminizi sa\u011fl\u0131kl\u0131 \u00e7al\u0131\u015fmas\u0131n\u0131 sa\u011flars\u0131n\u0131z<\/li>\n\n\n\n<li>Beden fark\u0131ndal\u0131\u011f\u0131n\u0131z, zihinsel bo\u015fluk i\u00e7inde derinle\u015fmi\u015f ve duygusal dengeyi kurmu\u015ftur<\/li>\n\n\n\n<li>Sessizlik, sizi evrensel bilin\u00e7 ile bulu\u015fturur.<\/li>\n\n\n\n<li>Bu bulu\u015fma sabah\u0131n ya da ya\u015fam\u0131n niyetini g\u00fc\u00e7lendirir<\/li>\n\n\n\n<li>\u0130leti\u015fim bu sessizli\u011fin i\u00e7inde bedenen, ruhen, manen ve maddeye ge\u00e7ecek olan her \u015fey i\u00e7indir<\/li>\n\n\n\n<li>Bazen arad\u0131\u011f\u0131n\u0131z huzur bu sessizlikle ileti\u015fim i\u00e7inde ger\u00e7ekle\u015fecek olan iletimdir<\/li>\n\n\n\n<li>Bu ya\u015fam kalitenizde, sa\u011fl\u0131\u011f\u0131n\u0131zda, i\u015finizde, ya\u015fam ile ili\u015fkide oldu\u011funuz her \u015fey \u00fczerine etkin bir de\u011fi\u015fim ve iyile\u015fme, ferahl\u0131k sa\u011fl\u0131k<\/li>\n\n\n\n<li>Odakl\u0131 bir g\u00fcn, dikkat da\u011f\u0131t\u0131c\u0131 t\u00fcm unsurlar\u0131 dikkate almaz ve te\u011fet ge\u00e7er<\/li>\n\n\n\n<li>Zaman y\u00f6netimi becerisini elde edersiniz<\/li>\n\n\n\n<li>Zaman\u0131m yeterli de\u011fil dedi\u011finiz her \u015fey i\u00e7in bol bol zaman\u0131n\u0131z kal\u0131r<\/li>\n\n\n\n<li>Bu zamanda kaliteli de\u011fi\u015fim beyin \u00fczerinizde de rasyonel olarak \u00e7al\u0131\u015fan \u00f6n beyninizde muhte\u015fem bir de\u011fi\u015fim yarat\u0131r<\/li>\n\n\n\n<li>Serotonin ve dopamin hormanlar\u0131 y\u00fckselir ve siz do\u011fal bir mutluluk ve ak\u0131\u015f i\u00e7ine girersiniz<\/li>\n\n\n\n<li>Sa\u011fl\u0131\u011f\u0131n\u0131za etki eden en \u00f6nemli de\u011fi\u015fimi burada elde edersiniz<\/li>\n\n\n\n<li>Konu\u015ftu\u011funuzu ve sizinle ileti\u015fim halinde olan\u0131 duyars\u0131n\u0131z<\/li>\n<\/ul>\n\n\n\n<p><strong>Sabah erken kalkman\u0131n zorluklar\u0131n\u0131 a\u015fmak&nbsp;<\/strong><strong>\ud83d\ude0a<\/strong><strong><\/strong><\/p>\n\n\n\n<ul class=\"wp-block-list\">\n<li>\u00c7o\u011fu insan i\u00e7in sabah erken saatte uyanmak kolay bir deneyim de\u011fildir&nbsp;<\/li>\n\n\n\n<li>Bu al\u0131\u015fkanl\u0131\u011f\u0131n \u00fcstesinden gelmek i\u00e7in<\/li>\n\n\n\n<li>Saat ayar\u0131n\u0131z 2 farkl\u0131 5 dakika ara ile ayarlamak&nbsp;<\/li>\n\n\n\n<li>G\u00fcncel uyuma saatinizden \u00f6nce yata\u011fa, telefon, bilgisayar gibi elektromanyetik alanlardan da uzakla\u015farak girmek<\/li>\n\n\n\n<li>Gerekirse erken kalkt\u0131\u011f\u0131n\u0131z g\u00fcnde 1-2 saat uyumak ki genelde 20 dakika \u00e7ok yeterlidir<\/li>\n<\/ul>\n\n\n\n<ul class=\"wp-block-list\">\n<li>Uzmanlar, bir i\u015fte usta olmak ve bir i\u015f i\u00e7in verim alabilmek ihtiya\u00e7 duyulan al\u0131\u015fkanl\u0131k ve beyin de\u011fi\u015fimi i\u00e7in, g\u00fcnl\u00fck 18 dakikal\u0131k bir pratikle bunu elde edebilece\u011fini vurguluyor&nbsp;<\/li>\n\n\n\n<li>Yine bu i\u015finizin verimi i\u00e7in g\u00fcnde 2 ya da 3 saat \u00e7al\u0131\u015fman\u0131n gerekli ba\u015far\u0131n\u0131n elde edildi\u011fini a\u00e7\u0131kl\u0131yor&nbsp;<\/li>\n<\/ul>\n\n\n\n<p><strong>Duygusal dengeyi bulman\u0131n faydas\u0131&nbsp;<\/strong><\/p>\n\n\n\n<ul class=\"wp-block-list\">\n<li>\u00c7o\u011fu zaman ifade edemediklerimiz zaman\u0131 gelir ve bir kara kutu gibi a\u00e7\u0131l\u0131r<\/li>\n\n\n\n<li>Bu sadece s\u00f6zle ifade de\u011fil bedenen sa\u011fl\u0131\u011f\u0131m\u0131zda da g\u00f6r\u00fcl\u00fcr<\/li>\n\n\n\n<li>\u0130\u015fte bu k\u0131sa ve dengeli pratiklerle sabah saatini de\u011ferlendirmek sa\u011fl\u0131kl\u0131 bir yakla\u015f\u0131mla duygusal durumlar\u0131n \u00fcstesinden gelinmesini sa\u011flar<\/li>\n\n\n\n<li>Sabah\u0131n erken saatinde ifadesini bulmam\u0131\u015f \u015feyler \u00fczerinde d\u00fc\u015f\u00fcnmek, meditasyon yapmak bunlar\u0131n nedenlerinin a\u00e7\u0131\u011fa \u00e7\u0131kmas\u0131n\u0131 sa\u011flar<\/li>\n\n\n\n<li>Bilin\u00e7d\u0131\u015f\u0131ndan ya\u015fad\u0131\u011f\u0131m\u0131z ve \u00f6zellikle \u00e7ocukluk ya da bu konularda verdi\u011fimiz tepkisellik ya da davran\u0131\u015f bi\u00e7imlerinin temelini g\u00f6rmemize yard\u0131mc\u0131 olur<\/li>\n<\/ul>\n\n\n\n<p>Ve i\u015fte t\u00fcm bunlar\u0131 \u0131\u015f\u0131nda ve fazlas\u0131nda beynimiz geli\u015fime a\u00e7\u0131k ve bug\u00fcn\u00fcn beyin bilimcilerin ve nesiller boyu memeli varl\u0131klar\u0131n beyinlerin nas\u0131l geli\u015fti\u011fi hakk\u0131ndaki n\u00f6roplastisiteyi elde edersiniz.&nbsp;<\/p>\n\n\n\n<ul class=\"wp-block-list\">\n<li>Bedenen, manen ve biyolojinizde ya\u015fam enerjisi y\u00fckselir<\/li>\n\n\n\n<li>Sinir sisteminiz g\u00fcne ve ya\u015fama haz\u0131rd\u0131r<\/li>\n\n\n\n<li>Sa\u011fl\u0131kl\u0131 bir endokrin sisteminiz olmaya ba\u015flar<\/li>\n\n\n\n<li>Zihin ge\u00e7mi\u015f ya da gelecek kayg\u0131s\u0131 i\u00e7inde de\u011fil \u015fu anda burada size hizmet eder<\/li>\n\n\n\n<li>Ge\u00e7mi\u015ften gelen bir d\u00fc\u015f\u00fcnce ya da duygunun gelece\u011fe do\u011fru nas\u0131l de\u011fi\u015ferek aktard\u0131\u011f\u0131n\u0131z\u0131 fark edersiniz<\/li>\n\n\n\n<li>Duygu ve d\u00fc\u015f\u00fcncelerinizin nas\u0131l birer kataliz\u00f6r oldu\u011funu fark eder, zihin yap\u0131n\u0131z\u0131 tan\u0131rs\u0131n\u0131z&nbsp;<\/li>\n<\/ul>\n\n\n\n<p>Hareket, d\u00fc\u015f\u00fcnmek ve geli\u015fimi sa\u011flad\u0131\u011f\u0131n\u0131z yerde yaln\u0131z de\u011filsiniz, size el uzatan evrensel bilge, yarat\u0131c\u0131 ve ruhunuzla birlikte yaratt\u0131\u011f\u0131n\u0131z bir deneyim alan\u0131nda sabahlar\u0131 bu i\u015f birli\u011fi i\u00e7in m\u00fckemmeldir.&nbsp;<\/p>\n\n\n\n<p>\u0130nsan\u0131 ve ya\u015fam\u0131n\u0131 de\u011fi\u015ftiren \u015fey manevi pratiktir.&nbsp;\ud83d\ude0a<\/p>\n\n\n\n<p>Sevgilerimle&nbsp;<\/p>\n\n\n\n<p>Zuhal \u00d6zyurt&nbsp;<\/p>\n","protected":false},"excerpt":{"rendered":"<p>14 &#8211; 20 Ekim Sabah Prati\u011fi Sadhana\u00a0 05.45 \u2013 07.00 \/ 7 G\u00fcn Kundalini Yoga ve Meditasyon Dersi 3 Farkl\u0131 Kalp \u00c7akra Enerji Merkezi Kriyas\u0131 Herkese huzur, herkese dinginlik, herkese sevgi, herkese ferahl\u0131k yeteri kadar bol bol var! 7 g\u00fcnl\u00fck Sabah Prati\u011fi Sadhana derslerinde kalp \u00e7akra enerji merkezi \u00fczerinde 3 ayr\u0131 kriya ile \u00e7al\u0131\u015f\u0131rken, 7&hellip;&nbsp;<a href=\"https:\/\/zuhalozyurt.com\/index.php\/2024\/08\/19\/14-20-ekim-sabaph-pratigi-sadhana\/\" rel=\"bookmark\">Daha fazlas\u0131n\u0131 oku &raquo;<span class=\"screen-reader-text\">14 &#8211; 20 Ekim Sabah Prati\u011fi Sadhana<\/span><\/a><\/p>\n","protected":false},"author":1,"featured_media":0,"comment_status":"open","ping_status":"open","sticky":false,"template":"","format":"standard","meta":{"neve_meta_sidebar":"","neve_meta_container":"","neve_meta_enable_content_width":"","neve_meta_content_width":0,"neve_meta_title_alignment":"","neve_meta_author_avatar":"","neve_post_elements_order":"","neve_meta_disable_header":"","neve_meta_disable_footer":"","neve_meta_disable_title":"","_joinchat":[],"footnotes":""},"categories":[1],"tags":[],"class_list":["post-1647","post","type-post","status-publish","format-standard","hentry","category-genel"],"_links":{"self":[{"href":"https:\/\/zuhalozyurt.com\/index.php\/wp-json\/wp\/v2\/posts\/1647","targetHints":{"allow":["GET"]}}],"collection":[{"href":"https:\/\/zuhalozyurt.com\/index.php\/wp-json\/wp\/v2\/posts"}],"about":[{"href":"https:\/\/zuhalozyurt.com\/index.php\/wp-json\/wp\/v2\/types\/post"}],"author":[{"embeddable":true,"href":"https:\/\/zuhalozyurt.com\/index.php\/wp-json\/wp\/v2\/users\/1"}],"replies":[{"embeddable":true,"href":"https:\/\/zuhalozyurt.com\/index.php\/wp-json\/wp\/v2\/comments?post=1647"}],"version-history":[{"count":4,"href":"https:\/\/zuhalozyurt.com\/index.php\/wp-json\/wp\/v2\/posts\/1647\/revisions"}],"predecessor-version":[{"id":1728,"href":"https:\/\/zuhalozyurt.com\/index.php\/wp-json\/wp\/v2\/posts\/1647\/revisions\/1728"}],"wp:attachment":[{"href":"https:\/\/zuhalozyurt.com\/index.php\/wp-json\/wp\/v2\/media?parent=1647"}],"wp:term":[{"taxonomy":"category","embeddable":true,"href":"https:\/\/zuhalozyurt.com\/index.php\/wp-json\/wp\/v2\/categories?post=1647"},{"taxonomy":"post_tag","embeddable":true,"href":"https:\/\/zuhalozyurt.com\/index.php\/wp-json\/wp\/v2\/tags?post=1647"}],"curies":[{"name":"wp","href":"https:\/\/api.w.org\/{rel}","templated":true}]}}