{"id":2110,"date":"2025-07-29T17:07:10","date_gmt":"2025-07-29T14:07:10","guid":{"rendered":"https:\/\/zuhalozyurt.com\/?p=2110"},"modified":"2025-12-07T18:24:48","modified_gmt":"2025-12-07T15:24:48","slug":"8-kasim-2025-10-mayis-2026-kundalini-yoga-uzmanlik-programi","status":"publish","type":"post","link":"https:\/\/zuhalozyurt.com\/index.php\/2025\/07\/29\/8-kasim-2025-10-mayis-2026-kundalini-yoga-uzmanlik-programi\/","title":{"rendered":"8 Kas\u0131m 2025 &#8211; 10 May\u0131s 2026 Kundalini Yoga Uzmanl\u0131k Program\u0131"},"content":{"rendered":"\n<p><strong>Zuhal \u00d6zyurt ile 200 Saat Kundalini Yoga Uzmanl\u0131k Program\u0131&nbsp;<\/strong><\/p>\n\n\n\n<p><em>\u2018\u2019 Derinlemesine d\u00f6n\u00fc\u015f\u00fcm ve \u00f6\u011fretmenlik yolculu\u011fu seni bekliyor \u2018\u2019<\/em><\/p>\n\n\n\n<p>Bu yolculuk bir sertifika kazanma s\u00fcrecinden \u00e7ok daha fazlas\u0131d\u0131r.&nbsp;Kundalini Yoga Uzmanl\u0131k Program\u0131, seni beden, zihin ve ruh d\u00fczeyinde derinle\u015ftiren, ya\u015fam\u0131n\u0131, ili\u015fkilerini ve varolu\u015funu d\u00f6n\u00fc\u015ft\u00fcren bir kap\u0131 aral\u0131yor. Bu programda, bilgiyi sadece \u00f6\u011frenmeyecek, onu&nbsp;bedeninde, nefesinde ve kalbinde&nbsp;ya\u015fayacak ve ya\u015fam\u0131na aktar\u0131rken, yolunda e\u015flik etti\u011fin ruh par\u00e7alar\u0131na rehber olacaks\u0131n.<\/p>\n\n\n\n<p><strong>Program<\/strong><strong>&nbsp;\u00d6\u011freti,&nbsp;<\/strong><strong>Hedef<\/strong><strong>&nbsp;ve Rehberli\u011fi<\/strong><strong>:<\/strong>&nbsp;G\u00fcn\u00fcm\u00fcze kadar hi\u00e7 de\u011fi\u015ftirilmeden gelmi\u015f olan,&nbsp;yoga tarihinde&nbsp;Guru Nanak\u2019tan bug\u00fcne aktar\u0131lan&nbsp;Kadim&nbsp;bilgilerin,&nbsp;Yogi Bhajan&nbsp;taraf\u0131ndan geli\u015ftirilen \u00f6\u011fretinin&nbsp;temelini, bilimsel bulgular\u0131 \u0131\u015f\u0131\u011f\u0131nda&nbsp;aktar\u0131r. Bedenin biyolojik ve hareket etme&nbsp;teknolojisinin, beyin&nbsp;n\u00f6roplastisitesini ger\u00e7ekle\u015ftirmedeki etkin rol\u00fc,&nbsp;merkezi sinir sistemi hedefi ile beyin ve&nbsp;sinir sistemini yeniden yap\u0131land\u0131rma \u00f6\u011fretisini i\u00e7erir.&nbsp;<\/p>\n\n\n\n<ul class=\"wp-block-list\">\n<li>Uzmanl\u0131k Program\u0131, grup \u00e7al\u0131\u015fmalar\u0131, mod\u00fcller aras\u0131 deneyime y\u00f6nelik pratik uygulamalar, teori okuma \u2013 ara\u015ft\u0131rma ile \u00f6\u011frenmeyi hedefler\u00a0<\/li>\n\n\n\n<li>E\u011fitim kitap\u00e7\u0131\u011f\u0131 ile payla\u015f\u0131lan her kaynak, \u00f6\u011fretme ve \u00f6\u011frenme yolunda rehberlik ederek desteklemeyi ama\u00e7lar<\/li>\n\n\n\n<li>Kadim \u00f6\u011fretinin ara\u00e7lar\u0131n\u0131\u00a0ve bilgi kaynaklar\u0131n\u0131 nas\u0131l kullanaca\u011f\u0131n\u0131za rehberlik eder\u00a0<\/li>\n\n\n\n<li>\u00d6\u011fretiyi ya\u015fam ama\u00e7lar\u0131n\u0131z i\u00e7in\u00a0nas\u0131l\u00a0kullanabilece\u011finizi\u00a0\u00f6\u011fretir<\/li>\n<\/ul>\n\n\n\n<hr class=\"wp-block-separator has-alpha-channel-opacity\"\/>\n\n\n\n<p><strong>Uzmanl\u0131k Program\u0131 Kimler \u0130\u00e7indir?<\/strong><\/p>\n\n\n\n<ul class=\"wp-block-list\">\n<li>Kundalini Yoga Uzman\u0131 olmak isteyenler\u00a0<\/li>\n\n\n\n<li>Kundalini Yoga\u2019y\u0131 derinlemesine \u00f6\u011frenmek isteyenler<\/li>\n\n\n\n<li>Kendi i\u00e7sel d\u00f6n\u00fc\u015f\u00fcm yolculu\u011funa ad\u0131m atmak isteyenler\u00a0<\/li>\n\n\n\n<li>Ya\u015fam enerjisinin bilgisini, bedeniyle, bilin\u00e7li\u00a0\u00e7al\u0131\u015fmaya a\u00e7\u0131k olanlar<\/li>\n\n\n\n<li>Hem kendine hem de ba\u015fkalar\u0131na alan tutmak isteyenler i\u00e7indir<\/li>\n<\/ul>\n\n\n\n<hr class=\"wp-block-separator has-alpha-channel-opacity\"\/>\n\n\n\n<p><strong>Kundalini Yoga Uzmanl\u0131k Program\u0131 Yap\u0131s\u0131&nbsp;<\/strong><\/p>\n\n\n\n<ul class=\"wp-block-list\">\n<li>Online\u00a0\u00c7evirimi\u00e7i\u00a0ve\u00a0Y\u00fczy\u00fcze\u00a0Bulu\u015fmalar<\/li>\n\n\n\n<li>Uzmanl\u0131k Program\u0131 \u0130\u00e7eri\u011fi<\/li>\n\n\n\n<li>Sertifikasyon\u00a0Tamamlama S\u00fcreci<\/li>\n\n\n\n<li>\u00dccretlendirme ve \u0130ptal Politikas\u0131<\/li>\n\n\n\n<li>Uzmanl\u0131k Program\u0131 Genel Bilgilendirme Haritas\u0131\u00a0<\/li>\n<\/ul>\n\n\n\n<hr class=\"wp-block-separator has-alpha-channel-opacity\"\/>\n\n\n\n<p><strong>Uzmanl\u0131k Program\u0131 \u0130\u00e7eri\u011fi: Kundalini Yoga\u2019n\u0131n Temeli:<\/strong>&nbsp;Asana, Ses Bilimi Mantra ve Naad Yoga, Nefes ve Pranayam, Beden Kilitleri, Mudralar ve A\u00e7\u0131lar&nbsp;<\/p>\n\n\n\n<ul class=\"wp-block-list\">\n<li>Bir Transformasyon Arac\u0131 Olarak Kundalini Yoga\u00a0<\/li>\n\n\n\n<li>Do\u011fu, Bat\u0131 ve Kundalini Yoga Anatomisi\u00a0<\/li>\n\n\n\n<li>Yoga Tarihi ve Felsefesi\u00a0<\/li>\n\n\n\n<li>Kundalini Yoga Felsefesi\u00a0<\/li>\n\n\n\n<li>Ya\u015fam Bi\u00e7imi ve Ayurveda<\/li>\n\n\n\n<li>Sadhana, Meditasyon ve Pratyahar<\/li>\n\n\n\n<li>Zihin Haritas\u0131 ve 10 Enerji Bedeni<\/li>\n\n\n\n<li>Siddetsiz \u0130leti\u015fim, Empati Yoluyla Anlamak\u00a0<\/li>\n\n\n\n<li>Astroloji ve Kundalini Yoga &amp; Ya\u015fam d\u00f6ng\u00fcleri\u00a0<\/li>\n\n\n\n<li>\u00d6\u011frenme Laboratuvar\u0131, \u00d6\u011frenme ve \u00d6\u011fretme Yolu<\/li>\n\n\n\n<li>\u00d6\u011frenme Laboratuvar\u0131nda Ustala\u015fmak, Uzman\u0131n Geli\u015fimi<\/li>\n\n\n\n<li>Uzman\u0131n Etik Kodlar\u0131, \u00d6\u011fretmenin Sorumluluklar\u0131, Roller ve Zorluklar<\/li>\n\n\n\n<li>Mesleki Zorunluluk ve Se\u00e7imler<\/li>\n\n\n\n<li>Entegrasyon ve Sertifikasyon S\u00fcrecinde Birlikte \u00d6\u011frenmek<\/li>\n<\/ul>\n\n\n\n<hr class=\"wp-block-separator has-alpha-channel-opacity\"\/>\n\n\n\n<p><strong>Zuhal \u00d6zyurt ile 200 saat Kundalini Yoga Uzmanl\u0131k Program\u0131<\/strong><\/p>\n\n\n\n<p>8 Kas\u0131m 2025 \u2013 10 May\u0131s 2026&nbsp;<\/p>\n\n\n\n<p><strong>Y\u00fczy\u00fcze Program:<\/strong>&nbsp;8&nbsp;\u2013&nbsp;15 Kas\u0131m 2025&nbsp;<\/p>\n\n\n\n<p><strong>Online \u00c7evirimi\u00e7i:<\/strong>&nbsp;Kas\u0131m 2025 \u2013 May\u0131s 2026&nbsp;&nbsp;tarihileri her ay, ayda bir defa hafta i\u00e7i ve sonu bulu\u015fmalardan olu\u015fur<\/p>\n\n\n\n<ul class=\"wp-block-list\">\n<li>Online \u00e7evirimi\u00e7i ders kay\u0131tlar\u0131 1 ay s\u00fcrecince izlenmeye a\u00e7\u0131kt\u0131r<\/li>\n<\/ul>\n\n\n\n<p><strong>Sertifikasyon&nbsp;<\/strong><strong>Verili\u015f Tarihi:&nbsp;<\/strong>5 Haziran 2026\u2019d\u0131r<\/p>\n\n\n\n<hr class=\"wp-block-separator has-alpha-channel-opacity\"\/>\n\n\n\n<p><strong>Zuhal \u00d6zyurt ile 200 Kundalini Yoga Uzmanl\u0131k Program\u0131 Kat\u0131l\u0131m Bedeli&nbsp;<\/strong><\/p>\n\n\n\n<p><strong>Normal \u00d6deme:&nbsp;<\/strong>3 Kas\u0131m 2025\u2019e kadar&nbsp;<\/p>\n\n\n\n<p>(Programa kay\u0131t yapt\u0131rd\u0131\u011f\u0131n\u0131z andan itibaren 4 taksitle \u00f6deyebilirsiniz)<\/p>\n\n\n\n<p><strong>Taksitli \u00d6deme:&nbsp;<\/strong>30 Ocak 2026\u2019 kadar&nbsp;<\/p>\n\n\n\n<p>(Programa kay\u0131t yapt\u0131rd\u0131\u011f\u0131n\u0131z andan itibaren 5 taksitle \u00f6deyebilirsiniz &#8211; ihtiya\u00e7 duyanlar i\u00e7in Mart ay\u0131na kadar uzat\u0131labilinir.)<\/p>\n\n\n\n<p>Program Kat\u0131l\u0131m Bedeline 2 adet, Kundalini Yoga E\u011fitmeni Teori&nbsp;&nbsp;\/ Kriya ve Meditasyon Kitap\u00e7\u0131klar\u0131 dahildir&nbsp;<\/p>\n\n\n\n<hr class=\"wp-block-separator has-alpha-channel-opacity\"\/>\n\n\n\n<p><strong>Uzmanl\u0131k Program\u0131 Konaklama, Ula\u015f\u0131m, Transfer ve Yemek<\/strong><\/p>\n\n\n\n<ul class=\"wp-block-list\">\n<li>Ula\u015f\u0131m ve transfer kat\u0131l\u0131mc\u0131ya aittir.\u00a0<\/li>\n\n\n\n<li>Konaklama, Ula\u015f\u0131m ve Transfer Kesin Kat\u0131l\u0131mc\u0131lara detayland\u0131r\u0131lacakt\u0131r.\u00a0<\/li>\n\n\n\n<li>Vejeteryan ve laktoz i\u00e7ermeyen beslenmeden olu\u015fur<\/li>\n\n\n\n<li><\/li>\n<\/ul>\n\n\n\n<hr class=\"wp-block-separator has-alpha-channel-opacity\"\/>\n\n\n\n<p><strong>Kay\u0131t Bilgileri<\/strong><strong><\/strong><\/p>\n\n\n\n<p><strong>Son&nbsp;<\/strong><strong>kay\u0131t<\/strong><strong>&nbsp;tarihi:<\/strong>&nbsp;3 Kas\u0131m Pazartesi&nbsp;2025<\/p>\n\n\n\n<p>Kontenjan,&nbsp;grup i\u00e7i yak\u0131nl\u0131k ve derinlik i\u00e7in say\u0131y\u0131 k\u0131s\u0131tl\u0131 tutuyoruz.<\/p>\n\n\n\n<p>Kesin kay\u0131t yapt\u0131rmak isteyen arkada\u015flar genel detaylar ve sorular\u0131n\u0131z e\u011fitim asistan\u0131 ve bana ula\u015fabilirsiniz<\/p>\n\n\n\n<p><strong>Ceren Y\u00fcceyurt:&nbsp;<\/strong>0 533 961 47 12&nbsp;<\/p>\n\n\n\n<p><strong>Zuhal \u00d6zyurt<\/strong>: 0 531 712 70 13<\/p>\n\n\n\n<hr class=\"wp-block-separator has-alpha-channel-opacity\"\/>\n\n\n\n<p><strong>200<\/strong><strong>&nbsp;Saat Kundalini Yoga Uzmanl\u0131k Program\u0131 Seviye I<\/strong><strong><\/strong><\/p>\n\n\n\n<p><strong>8 Kas\u0131m 2025 \/ 10 May\u0131s 2026<\/strong><\/p>\n\n\n\n<p><strong>150&nbsp;<\/strong><strong>Kundalini Yoga Uzmanl\u0131<\/strong><strong>k<\/strong><strong>&nbsp;Program\u0131 Seviye II<\/strong><strong>&nbsp;\u2013 2026<\/strong><\/p>\n\n\n\n<ul class=\"wp-block-list\">\n<li>\u00c7akra Sisteminde Derinle\u015fmek ve Ar\u0131nma Program\u0131\u00a060\u00a0saat\u00a0(Nisan 2026)<\/li>\n\n\n\n<li>Tarih ve yer belirtilecektir \/ 6 Gece Konaklamal\u0131d\u0131r<\/li>\n<\/ul>\n\n\n\n<ul class=\"wp-block-list\">\n<li>Bilin\u00e7li\u00a0\u0130leti\u015fim\u00a030\u00a0Saat\u00a0Online \u00c7evirim \u0130\u00e7i \u2013 Hafta Sonu \/ May\u0131s \u2013 Eyl\u00fcl 2026<\/li>\n\n\n\n<li>Otantik Benlik\u00a030\u00a0saat\u00a0Online \u00c7evirim \u0130\u00e7i \u2013 Hafta Sonu \/ Haziran \u2013 Ekim 2026<\/li>\n\n\n\n<li>Zihin ve Meditasyon 30 Saat Online \u00c7evirim \u0130\u00e7i \u2013 Hafta Sonu \/ Temmuz \u2013 Kas\u0131m 2026<\/li>\n\n\n\n<li>I nci seviye Mentorluk ve II nci seviye Stajyer Mentorluk ayr\u0131ca verilir<\/li>\n<\/ul>\n\n\n\n<p>Zuhal \u00d6zyurt,&nbsp;Kundalini Yoga&nbsp;E\u011fitimleri&nbsp;Seviye II Programlar\u0131&nbsp;i\u00e7erik d\u00fczenleme hakk\u0131na sahiptir.&nbsp;<\/p>\n\n\n\n<hr class=\"wp-block-separator has-alpha-channel-opacity\"\/>\n\n\n\n<p><strong>Kalpten Bir \u00c7a\u011fr\u0131<\/strong><\/p>\n\n\n\n<p>Bu \u00e7a\u011fr\u0131 sadece \u00f6\u011fretmen olmak i\u00e7in de\u011fil,&nbsp;kendini hat\u0131rlamak, \u00f6z\u00fcn\u00fc onurland\u0131rmak ve \u0131\u015f\u0131\u011f\u0131n\u0131 payla\u015farak i\u00e7indeki bilge \u00f6\u011fretmeni a\u00e7\u0131\u011fa \u00e7\u0131karmak i\u00e7in. Haz\u0131rsan, yolculuk ba\u015fl\u0131yor.<\/p>\n\n\n\n<p>Zuhal \u00d6zyurt Kundalini Yoga E\u011fitimleri<\/p>\n","protected":false},"excerpt":{"rendered":"<p>Zuhal \u00d6zyurt ile 200 Saat Kundalini Yoga Uzmanl\u0131k Program\u0131&nbsp; \u2018\u2019 Derinlemesine d\u00f6n\u00fc\u015f\u00fcm ve \u00f6\u011fretmenlik yolculu\u011fu seni bekliyor \u2018\u2019 Bu yolculuk bir sertifika kazanma s\u00fcrecinden \u00e7ok daha fazlas\u0131d\u0131r.&nbsp;Kundalini Yoga Uzmanl\u0131k Program\u0131, seni beden, zihin ve ruh d\u00fczeyinde derinle\u015ftiren, ya\u015fam\u0131n\u0131, ili\u015fkilerini ve varolu\u015funu d\u00f6n\u00fc\u015ft\u00fcren bir kap\u0131 aral\u0131yor. Bu programda, bilgiyi sadece \u00f6\u011frenmeyecek, onu&nbsp;bedeninde, nefesinde ve kalbinde&nbsp;ya\u015fayacak ve&hellip;&nbsp;<a href=\"https:\/\/zuhalozyurt.com\/index.php\/2025\/07\/29\/8-kasim-2025-10-mayis-2026-kundalini-yoga-uzmanlik-programi\/\" rel=\"bookmark\">Daha fazlas\u0131n\u0131 oku &raquo;<span class=\"screen-reader-text\">8 Kas\u0131m 2025 &#8211; 10 May\u0131s 2026 Kundalini Yoga Uzmanl\u0131k Program\u0131<\/span><\/a><\/p>\n","protected":false},"author":1,"featured_media":2111,"comment_status":"closed","ping_status":"open","sticky":false,"template":"","format":"standard","meta":{"neve_meta_sidebar":"","neve_meta_container":"","neve_meta_enable_content_width":"","neve_meta_content_width":0,"neve_meta_title_alignment":"","neve_meta_author_avatar":"","neve_post_elements_order":"","neve_meta_disable_header":"","neve_meta_disable_footer":"","neve_meta_disable_title":"","_joinchat":[],"footnotes":""},"categories":[1],"tags":[],"class_list":["post-2110","post","type-post","status-publish","format-standard","has-post-thumbnail","hentry","category-genel"],"_links":{"self":[{"href":"https:\/\/zuhalozyurt.com\/index.php\/wp-json\/wp\/v2\/posts\/2110","targetHints":{"allow":["GET"]}}],"collection":[{"href":"https:\/\/zuhalozyurt.com\/index.php\/wp-json\/wp\/v2\/posts"}],"about":[{"href":"https:\/\/zuhalozyurt.com\/index.php\/wp-json\/wp\/v2\/types\/post"}],"author":[{"embeddable":true,"href":"https:\/\/zuhalozyurt.com\/index.php\/wp-json\/wp\/v2\/users\/1"}],"replies":[{"embeddable":true,"href":"https:\/\/zuhalozyurt.com\/index.php\/wp-json\/wp\/v2\/comments?post=2110"}],"version-history":[{"count":1,"href":"https:\/\/zuhalozyurt.com\/index.php\/wp-json\/wp\/v2\/posts\/2110\/revisions"}],"predecessor-version":[{"id":2112,"href":"https:\/\/zuhalozyurt.com\/index.php\/wp-json\/wp\/v2\/posts\/2110\/revisions\/2112"}],"wp:featuredmedia":[{"embeddable":true,"href":"https:\/\/zuhalozyurt.com\/index.php\/wp-json\/wp\/v2\/media\/2111"}],"wp:attachment":[{"href":"https:\/\/zuhalozyurt.com\/index.php\/wp-json\/wp\/v2\/media?parent=2110"}],"wp:term":[{"taxonomy":"category","embeddable":true,"href":"https:\/\/zuhalozyurt.com\/index.php\/wp-json\/wp\/v2\/categories?post=2110"},{"taxonomy":"post_tag","embeddable":true,"href":"https:\/\/zuhalozyurt.com\/index.php\/wp-json\/wp\/v2\/tags?post=2110"}],"curies":[{"name":"wp","href":"https:\/\/api.w.org\/{rel}","templated":true}]}}